{"id":639,"date":"2013-03-10T01:11:00","date_gmt":"2013-03-10T00:11:00","guid":{"rendered":"http:\/\/www.akkifoto.de\/?p=639"},"modified":"2013-11-09T23:40:26","modified_gmt":"2013-11-09T22:40:26","slug":"madeira-der-risco-wasserfall-und-bica-da-cana","status":"publish","type":"post","link":"https:\/\/www.akkifoto.de\/?p=639","title":{"rendered":"Madeira &#8211; Der Risco Wasserfall und Bica da Cana"},"content":{"rendered":"<p>Madeira \u00b7 28.02.2013<\/p>\n<p>Bereits am Tag meiner Ankunft auf Madeira wollte ich die mit zwei Stunden recht kurze Tour zum Risiko-Wasserfall (Cascata do Risco) gehen. Allerdings gab ich diese Idee am Nachmittag des 26. Februar auf, da dicke Wolken im Forst um Raba\u00e7al hingen.<\/p>\n<p>Am Vormittag des 28. Februars hatte ich denn mehr Gl\u00fcck mit dem Wetter. Der Himmel war zwar bedeckt, aber die Wolken hingen nicht so tief. Woher der Name des Wasserfalls kommt, kann ich nicht genau sagen. Allerdings vermute ich, dass er mit der darunter verlaufenden Levada in Zusammenhang steht. Bei der Instandhaltung d\u00fcrfte es ein ordentliches Risiko sein unter dem gut 100 m tiefen Wasserfall zu arbeiten. Unterwegs und dort angekommen bestaunten mehrere Singv\u00f6gel (ich meine alle aus der Familie der Sperlinge) meine mitgebrachte Brotzeit. Anschlie\u00dfend unternahm ich noch den Versuch zum Zuckerhut von Madeira zu wandern (Pin\u00e1culo bei Bica da Cana). Allerdings zogen \u00fcber den Ostrand der Pa\u00fal da Serra wieder Wolken herein, weshalb ich diese Tour nicht ging.<\/p>\nngg_shortcode_0_placeholder\n","protected":false},"excerpt":{"rendered":"<p>Madeira \u00b7 28.02.2013 Bereits am Tag meiner Ankunft auf Madeira wollte ich die mit zwei Stunden recht kurze Tour zum Risiko-Wasserfall (Cascata do Risco) gehen. Allerdings gab ich diese Idee am Nachmittag des 26. Februar auf, da dicke Wolken im Forst um Raba\u00e7al hingen. Am Vormittag des 28. Februars hatte ich denn mehr Gl\u00fcck mit [&hellip;]<\/p>\n","protected":false},"author":2,"featured_media":0,"comment_status":"closed","ping_status":"open","sticky":false,"template":"","format":"standard","meta":{"ngg_post_thumbnail":0,"footnotes":""},"categories":[6,121],"tags":[],"class_list":["post-639","post","type-post","status-publish","format-standard","hentry","category-landschaften","category-madeira"],"_links":{"self":[{"href":"https:\/\/www.akkifoto.de\/index.php?rest_route=\/wp\/v2\/posts\/639","targetHints":{"allow":["GET"]}}],"collection":[{"href":"https:\/\/www.akkifoto.de\/index.php?rest_route=\/wp\/v2\/posts"}],"about":[{"href":"https:\/\/www.akkifoto.de\/index.php?rest_route=\/wp\/v2\/types\/post"}],"author":[{"embeddable":true,"href":"https:\/\/www.akkifoto.de\/index.php?rest_route=\/wp\/v2\/users\/2"}],"replies":[{"embeddable":true,"href":"https:\/\/www.akkifoto.de\/index.php?rest_route=%2Fwp%2Fv2%2Fcomments&post=639"}],"version-history":[{"count":6,"href":"https:\/\/www.akkifoto.de\/index.php?rest_route=\/wp\/v2\/posts\/639\/revisions"}],"predecessor-version":[{"id":644,"href":"https:\/\/www.akkifoto.de\/index.php?rest_route=\/wp\/v2\/posts\/639\/revisions\/644"}],"wp:attachment":[{"href":"https:\/\/www.akkifoto.de\/index.php?rest_route=%2Fwp%2Fv2%2Fmedia&parent=639"}],"wp:term":[{"taxonomy":"category","embeddable":true,"href":"https:\/\/www.akkifoto.de\/index.php?rest_route=%2Fwp%2Fv2%2Fcategories&post=639"},{"taxonomy":"post_tag","embeddable":true,"href":"https:\/\/www.akkifoto.de\/index.php?rest_route=%2Fwp%2Fv2%2Ftags&post=639"}],"curies":[{"name":"wp","href":"https:\/\/api.w.org\/{rel}","templated":true}]}}