{"id":678,"date":"2013-03-16T23:30:15","date_gmt":"2013-03-16T22:30:15","guid":{"rendered":"http:\/\/www.akkifoto.de\/?p=678"},"modified":"2013-11-09T23:40:03","modified_gmt":"2013-11-09T22:40:03","slug":"madeira-zum-pass-von-encumeada","status":"publish","type":"post","link":"https:\/\/www.akkifoto.de\/?p=678","title":{"rendered":"Madeira &#8211; Zum Pass von Encumeada"},"content":{"rendered":"<p>Madeira \u00b7 02.03.2013<\/p>\n<p>F\u00fcr die Wanderung am Samstag vom Encumeada-Pass entlang der Levada do Norte stand zun\u00e4chst die Anfahrt bei Sonnenschein an. Wie \u00fcblich f\u00fchrte mich die Route mit dem Wagen erst an der K\u00fcste entlang um dann wieder steil bergauf der Inselmitte entgegen zu streben.<\/p>\nngg_shortcode_0_placeholder\n","protected":false},"excerpt":{"rendered":"<p>Madeira \u00b7 02.03.2013 F\u00fcr die Wanderung am Samstag vom Encumeada-Pass entlang der Levada do Norte stand zun\u00e4chst die Anfahrt bei Sonnenschein an. Wie \u00fcblich f\u00fchrte mich die Route mit dem Wagen erst an der K\u00fcste entlang um dann wieder steil bergauf der Inselmitte entgegen zu streben.<\/p>\n","protected":false},"author":2,"featured_media":0,"comment_status":"closed","ping_status":"open","sticky":false,"template":"","format":"standard","meta":{"ngg_post_thumbnail":0,"footnotes":""},"categories":[6,121],"tags":[],"class_list":["post-678","post","type-post","status-publish","format-standard","hentry","category-landschaften","category-madeira"],"_links":{"self":[{"href":"https:\/\/www.akkifoto.de\/index.php?rest_route=\/wp\/v2\/posts\/678","targetHints":{"allow":["GET"]}}],"collection":[{"href":"https:\/\/www.akkifoto.de\/index.php?rest_route=\/wp\/v2\/posts"}],"about":[{"href":"https:\/\/www.akkifoto.de\/index.php?rest_route=\/wp\/v2\/types\/post"}],"author":[{"embeddable":true,"href":"https:\/\/www.akkifoto.de\/index.php?rest_route=\/wp\/v2\/users\/2"}],"replies":[{"embeddable":true,"href":"https:\/\/www.akkifoto.de\/index.php?rest_route=%2Fwp%2Fv2%2Fcomments&post=678"}],"version-history":[{"count":9,"href":"https:\/\/www.akkifoto.de\/index.php?rest_route=\/wp\/v2\/posts\/678\/revisions"}],"predecessor-version":[{"id":696,"href":"https:\/\/www.akkifoto.de\/index.php?rest_route=\/wp\/v2\/posts\/678\/revisions\/696"}],"wp:attachment":[{"href":"https:\/\/www.akkifoto.de\/index.php?rest_route=%2Fwp%2Fv2%2Fmedia&parent=678"}],"wp:term":[{"taxonomy":"category","embeddable":true,"href":"https:\/\/www.akkifoto.de\/index.php?rest_route=%2Fwp%2Fv2%2Fcategories&post=678"},{"taxonomy":"post_tag","embeddable":true,"href":"https:\/\/www.akkifoto.de\/index.php?rest_route=%2Fwp%2Fv2%2Ftags&post=678"}],"curies":[{"name":"wp","href":"https:\/\/api.w.org\/{rel}","templated":true}]}}