{"id":697,"date":"2013-03-19T23:40:30","date_gmt":"2013-03-19T22:40:30","guid":{"rendered":"http:\/\/www.akkifoto.de\/?p=697"},"modified":"2013-11-09T23:39:49","modified_gmt":"2013-11-09T22:39:49","slug":"madeira-2","status":"publish","type":"post","link":"https:\/\/www.akkifoto.de\/?p=697","title":{"rendered":"Madeira &#8211; Von Sao Vicente bis Jardin Do Mar"},"content":{"rendered":"<p>Madeira \u00b7 02.03.2013<\/p>\n<p>Nach der Wanderung am Encumeada Pass folgte ein kurzer Abstecher hinab an die Nordk\u00fcste nach Sao Vicente. Ich war dort schon am Vortag, allerdings bei einem nicht enden wollenden Platzregen. Ziel war vor allem die Kirche, Innenaufnahmen stelle ich in noch einer speziellen Serie zusammen. Bei insgesamt sehr sch\u00f6nem Wetter ging es zur\u00fcck auf die S\u00fcdseite der Insel. \u00dcber Ponta do Sol f\u00fchrte mich mein Weg zur blauen Stunde nach Jardim Do Mar. Von dort hatte ich einen sehr sch\u00f6nen Ausblick am Abend auf das westlich liegende Pa\u00fal do Mar.<\/p>\nngg_shortcode_0_placeholder\n","protected":false},"excerpt":{"rendered":"<p>Madeira \u00b7 02.03.2013 Nach der Wanderung am Encumeada Pass folgte ein kurzer Abstecher hinab an die Nordk\u00fcste nach Sao Vicente. Ich war dort schon am Vortag, allerdings bei einem nicht enden wollenden Platzregen. Ziel war vor allem die Kirche, Innenaufnahmen stelle ich in noch einer speziellen Serie zusammen. Bei insgesamt sehr sch\u00f6nem Wetter ging es [&hellip;]<\/p>\n","protected":false},"author":2,"featured_media":0,"comment_status":"closed","ping_status":"open","sticky":false,"template":"","format":"standard","meta":{"ngg_post_thumbnail":0,"footnotes":""},"categories":[6,121],"tags":[],"class_list":["post-697","post","type-post","status-publish","format-standard","hentry","category-landschaften","category-madeira"],"_links":{"self":[{"href":"https:\/\/www.akkifoto.de\/index.php?rest_route=\/wp\/v2\/posts\/697","targetHints":{"allow":["GET"]}}],"collection":[{"href":"https:\/\/www.akkifoto.de\/index.php?rest_route=\/wp\/v2\/posts"}],"about":[{"href":"https:\/\/www.akkifoto.de\/index.php?rest_route=\/wp\/v2\/types\/post"}],"author":[{"embeddable":true,"href":"https:\/\/www.akkifoto.de\/index.php?rest_route=\/wp\/v2\/users\/2"}],"replies":[{"embeddable":true,"href":"https:\/\/www.akkifoto.de\/index.php?rest_route=%2Fwp%2Fv2%2Fcomments&post=697"}],"version-history":[{"count":10,"href":"https:\/\/www.akkifoto.de\/index.php?rest_route=\/wp\/v2\/posts\/697\/revisions"}],"predecessor-version":[{"id":705,"href":"https:\/\/www.akkifoto.de\/index.php?rest_route=\/wp\/v2\/posts\/697\/revisions\/705"}],"wp:attachment":[{"href":"https:\/\/www.akkifoto.de\/index.php?rest_route=%2Fwp%2Fv2%2Fmedia&parent=697"}],"wp:term":[{"taxonomy":"category","embeddable":true,"href":"https:\/\/www.akkifoto.de\/index.php?rest_route=%2Fwp%2Fv2%2Fcategories&post=697"},{"taxonomy":"post_tag","embeddable":true,"href":"https:\/\/www.akkifoto.de\/index.php?rest_route=%2Fwp%2Fv2%2Ftags&post=697"}],"curies":[{"name":"wp","href":"https:\/\/api.w.org\/{rel}","templated":true}]}}